{"id":35,"date":"2023-04-25T15:10:24","date_gmt":"2023-04-25T18:10:24","guid":{"rendered":"https:\/\/uniaorecicla.com.br\/blog\/?p=35"},"modified":"2023-05-09T16:14:26","modified_gmt":"2023-05-09T19:14:26","slug":"como-a-reciclagem-de-sucatas-contribui-com-a-preservacao-do-meio-ambiente","status":"publish","type":"post","link":"http:\/\/uniaorecicla.com.br\/blog\/como-a-reciclagem-de-sucatas-contribui-com-a-preservacao-do-meio-ambiente\/","title":{"rendered":"Como a reciclagem de sucatas contribui com a preserva\u00e7\u00e3o do meio-ambiente?"},"content":{"rendered":"\n<p>O reaproveitamento de materiais \u00e9 importante por diversos motivos, e no caso da reciclagem de sucatas n\u00e3o poderia de ser diferente. Afinal, isso n\u00e3o somente movimenta diversas camadas econ\u00f4micas e sociais, como tamb\u00e9m diminui os impactos causados no meio-ambiente.\u00a0<\/p>\n\n\n\n<p>Visando desenvolver esse tema, separamos, a seguir, alguns pontos relacionados a esse processo e, no fim do artigo, explicamos o que faz da Uni\u00e3o Sucatas a melhor empresa para se investir nesse setor. Confira!&nbsp;<\/p>\n\n\n\n<div id=\"ez-toc-container\" class=\"ez-toc-v2_0_63 counter-hierarchy ez-toc-counter ez-toc-grey ez-toc-container-direction\">\n<div class=\"ez-toc-title-container\">\n<p class=\"ez-toc-title \" >T&oacute;picos do artigo<\/p>\n<span class=\"ez-toc-title-toggle\"><a href=\"#\" class=\"ez-toc-pull-right ez-toc-btn ez-toc-btn-xs ez-toc-btn-default ez-toc-toggle\" aria-label=\"Toggle Table of Content\"><span class=\"ez-toc-js-icon-con\"><span class=\"\"><span class=\"eztoc-hide\" style=\"display:none;\">Toggle<\/span><span class=\"ez-toc-icon-toggle-span\"><svg style=\"fill: #999;color:#999\" xmlns=\"http:\/\/www.w3.org\/2000\/svg\" class=\"list-377408\" width=\"20px\" height=\"20px\" viewBox=\"0 0 24 24\" fill=\"none\"><path d=\"M6 6H4v2h2V6zm14 0H8v2h12V6zM4 11h2v2H4v-2zm16 0H8v2h12v-2zM4 16h2v2H4v-2zm16 0H8v2h12v-2z\" fill=\"currentColor\"><\/path><\/svg><svg style=\"fill: #999;color:#999\" class=\"arrow-unsorted-368013\" xmlns=\"http:\/\/www.w3.org\/2000\/svg\" width=\"10px\" height=\"10px\" viewBox=\"0 0 24 24\" version=\"1.2\" baseProfile=\"tiny\"><path d=\"M18.2 9.3l-6.2-6.3-6.2 6.3c-.2.2-.3.4-.3.7s.1.5.3.7c.2.2.4.3.7.3h11c.3 0 .5-.1.7-.3.2-.2.3-.5.3-.7s-.1-.5-.3-.7zM5.8 14.7l6.2 6.3 6.2-6.3c.2-.2.3-.5.3-.7s-.1-.5-.3-.7c-.2-.2-.4-.3-.7-.3h-11c-.3 0-.5.1-.7.3-.2.2-.3.5-.3.7s.1.5.3.7z\"\/><\/svg><\/span><\/span><\/span><\/a><\/span><\/div>\n<nav><ul class='ez-toc-list ez-toc-list-level-1 ' ><li class='ez-toc-page-1 ez-toc-heading-level-2'><a class=\"ez-toc-link ez-toc-heading-1\" href=\"http:\/\/uniaorecicla.com.br\/blog\/como-a-reciclagem-de-sucatas-contribui-com-a-preservacao-do-meio-ambiente\/#Como_a_reciclagem_de_sucatas_contribui_com_a_preservacao_do_meio-ambiente\" title=\"Como a reciclagem de sucatas contribui com a preserva\u00e7\u00e3o do meio-ambiente?&nbsp;\">Como a reciclagem de sucatas contribui com a preserva\u00e7\u00e3o do meio-ambiente?&nbsp;<\/a><ul class='ez-toc-list-level-3' ><li class='ez-toc-heading-level-3'><a class=\"ez-toc-link ez-toc-heading-2\" href=\"http:\/\/uniaorecicla.com.br\/blog\/como-a-reciclagem-de-sucatas-contribui-com-a-preservacao-do-meio-ambiente\/#Qual_a_melhor_empresa_para_se_investir_na_reciclagem_de_sucatas\" title=\"Qual a melhor empresa para se investir na reciclagem de sucatas?&nbsp;\">Qual a melhor empresa para se investir na reciclagem de sucatas?&nbsp;<\/a><\/li><\/ul><\/li><\/ul><\/nav><\/div>\n<h2 class=\"wp-block-heading\"><span class=\"ez-toc-section\" id=\"Como_a_reciclagem_de_sucatas_contribui_com_a_preservacao_do_meio-ambiente\"><\/span>Como a reciclagem de sucatas contribui com a preserva\u00e7\u00e3o do meio-ambiente?&nbsp;<span class=\"ez-toc-section-end\"><\/span><\/h2>\n\n\n\n<p>Ao contr\u00e1rio do que se convencionou associar, a reciclagem de sucatas e de outros materiais contribui com o meio-ambiente por diversos motivos, n\u00e3o apenas por evitar que esses elementos se decomponham no solo.&nbsp;<\/p>\n\n\n\n<p>Claro que, de modo geral, esse \u00e9 um aspecto muito valorizado, principalmente considerando o tempo necess\u00e1rio para isso ocorrer. <a href=\"https:\/\/dgi.unifesp.br\/ecounifesp\/index.php?option=com_content&amp;view=article&amp;id=16&amp;Itemid=11\" target=\"_blank\" rel=\"noreferrer noopener\">Dados da Universidade Federal de S\u00e3o Paulo (UNIFESP)<\/a>, mostram que esse processo pode demorar at\u00e9 dez anos para ocorrer com esse material, al\u00e9m de contaminar o local com subst\u00e2ncias nocivas a diversos seres vivos.\u00a0<\/p>\n\n\n\n<p>Esse ponto, inclusive, pode sofrer com alguns agravantes como o clima, a utiliza\u00e7\u00e3o de tintas e a mistura de outros produtos durante a fabrica\u00e7\u00e3o.&nbsp;<\/p>\n\n\n\n<ul class=\"wp-block-list\"><li><a rel=\"noreferrer noopener\" href=\"https:\/\/uniaorecicla.com.br\/blog\/coleta-de-sucatas-de-ferro-conheca-a-importancia-desse-servico\/\" target=\"_blank\">Leia tamb\u00e9m: <em>Coleta de sucatas de ferro: conhe\u00e7a a import\u00e2ncia desse servi\u00e7o<\/em><\/a><\/li><\/ul>\n\n\n<div class=\"wp-block-image\">\n<figure class=\"aligncenter size-full\"><img loading=\"lazy\" decoding=\"async\" width=\"515\" height=\"386\" src=\"https:\/\/uniaorecicla.com.br\/blog\/wp-content\/uploads\/2022\/07\/scrap-metal-yard-2369591_19201.jpg\" alt=\"Coleta de sucatas de ferro\" class=\"wp-image-28\" srcset=\"http:\/\/uniaorecicla.com.br\/blog\/wp-content\/uploads\/2022\/07\/scrap-metal-yard-2369591_19201.jpg 515w, http:\/\/uniaorecicla.com.br\/blog\/wp-content\/uploads\/2022\/07\/scrap-metal-yard-2369591_19201-300x225.jpg 300w\" sizes=\"auto, (max-width: 515px) 100vw, 515px\" \/><\/figure>\n<\/div>\n\n\n<p>Al\u00e9m disso, conforme indicamos acima, a reciclagem de sucatas pode contribuir com a preserva\u00e7\u00e3o do meio-ambiente em outros aspectos, como impedindo o desenvolvimento de determinadas esp\u00e9cies da fauna e da flora. Afinal, a depender do objeto, \u00e9 poss\u00edvel que ele impe\u00e7a a realiza\u00e7\u00e3o da fotoss\u00edntese de algumas plantas atrav\u00e9s do bloqueio da passagem de luz solar, ou mesmo por atrapalhar a passagem de animais em alguns espa\u00e7os.&nbsp;<\/p>\n\n\n\n<p>Isso, inclusive, pode ser relacionado a um conceito muito comum em ambientes urbanos, o da polui\u00e7\u00e3o visual. Em <a href=\"http:\/\/faculdadedondomenico.edu.br\/revista_don\/artigo7_ed4.pdf\" target=\"_blank\" rel=\"noreferrer noopener\"><em>A polui\u00e7\u00e3o visual causada pelos quiosques na faixa de areia da praia da enseada &#8211; Guaruj\u00e1<\/em><\/a>, desenvolvido por Carlos Andr\u00e9 Nunes da Silva e publicado na revista de divulga\u00e7\u00e3o cient\u00edfica da Faculdade Don Dom\u00eanico, um trecho debate justamente esse assunto.\u00a0<\/p>\n\n\n\n<p>Segundo o autor, \u201c(&#8230;) certos munic\u00edpios, quando tentam revitalizar regi\u00f5es degradadas pela viol\u00eancia e pelos diversos tipos de polui\u00e7\u00e3o, baixam normas contra a polui\u00e7\u00e3o visual, determinando que as lojas e outros geradores desse tipo de polui\u00e7\u00e3o mudem suas fachadas a fim de tornar a cidade mais harm\u00f4nica e esteticamente agrad\u00e1vel ao usu\u00e1rio\u201d.<\/p>\n\n\n\n<p>Tudo isso evidencia como os benef\u00edcios da reciclagem de sucatas n\u00e3o se restringem apenas a ambientes naturais, como florestas, praias e rios, mas tamb\u00e9m na pr\u00f3pria rotina humana em grandes centros, aumentando, de forma consider\u00e1vel, a aten\u00e7\u00e3o que deve ser direcionada a esse tema.&nbsp;<\/p>\n\n\n\n<h3 class=\"wp-block-heading\"><span class=\"ez-toc-section\" id=\"Qual_a_melhor_empresa_para_se_investir_na_reciclagem_de_sucatas\"><\/span>Qual a melhor empresa para se investir na reciclagem de sucatas?&nbsp;<span class=\"ez-toc-section-end\"><\/span><\/h3>\n\n\n\n<p>A <a href=\"https:\/\/uniaorecicla.com.br\/\" target=\"_blank\" rel=\"noreferrer noopener\">Uni\u00e3o Sucatas<\/a> \u00e9 a melhor empresa para se investir em produtos e servi\u00e7os voltados para esse segmento, uma vez que a companhia possui um longo hist\u00f3rico nesse mercado e busca promover uma evolu\u00e7\u00e3o constante em todos os seus setores. Por isso, se estiver em busca de uma empresa que atue com a reciclagem de sucatas, <a href=\"https:\/\/uniaorecicla.com.br\/contato\" target=\"_blank\" rel=\"noreferrer noopener\">entre em contato com a Uni\u00e3o Sucatas e solicite um or\u00e7amento<\/a>.\u00a0<\/p>\n\n\n<div class=\"wp-block-image\">\n<figure class=\"aligncenter size-full\"><a href=\"https:\/\/uniaorecicla.com.br\/contato\" target=\"_blank\" rel=\"noreferrer noopener\"><img loading=\"lazy\" decoding=\"async\" width=\"515\" height=\"258\" src=\"https:\/\/uniaorecicla.com.br\/blog\/wp-content\/uploads\/2022\/08\/CTA21.jpg\" alt=\"\" class=\"wp-image-38\" srcset=\"http:\/\/uniaorecicla.com.br\/blog\/wp-content\/uploads\/2022\/08\/CTA21.jpg 515w, http:\/\/uniaorecicla.com.br\/blog\/wp-content\/uploads\/2022\/08\/CTA21-300x150.jpg 300w\" sizes=\"auto, (max-width: 515px) 100vw, 515px\" \/><\/a><\/figure>\n<\/div>","protected":false},"excerpt":{"rendered":"<p>O reaproveitamento de materiais \u00e9 importante por diversos motivos, e no caso da reciclagem de sucatas n\u00e3o poderia de ser diferente. Afinal, isso n\u00e3o somente movimenta diversas camadas econ\u00f4micas e sociais, como tamb\u00e9m diminui os impactos causados no meio-ambiente.\u00a0 Visando desenvolver esse tema, separamos, a seguir, alguns pontos relacionados a esse processo e, no fim &hellip; <\/p>\n","protected":false},"author":1,"featured_media":36,"comment_status":"open","ping_status":"open","sticky":false,"template":"","format":"standard","meta":{"footnotes":""},"categories":[21],"tags":[19,20,18,17],"class_list":["post-35","post","type-post","status-publish","format-standard","has-post-thumbnail","hentry","category-reciclagem-de-sucata","tag-como-a-reciclagem-de-sucatas-contribui-com-a-preservacao-do-meio-ambiente","tag-qual-a-melhor-empresa-para-se-investir-na-reciclagem-de-sucatas","tag-reciclagem-de-sucatas","tag-uniao-sucatas"],"yoast_head":"<!-- This site is optimized with the Yoast SEO plugin v20.2.1 - https:\/\/yoast.com\/wordpress\/plugins\/seo\/ -->\n<title>Como a reciclagem de sucatas contribui com a preserva\u00e7\u00e3o do meio-ambiente? - Uni\u00e3o Sucatas<\/title>\n<meta name=\"robots\" content=\"index, follow, max-snippet:-1, max-image-preview:large, max-video-preview:-1\" \/>\n<link rel=\"canonical\" href=\"http:\/\/uniaorecicla.com.br\/blog\/como-a-reciclagem-de-sucatas-contribui-com-a-preservacao-do-meio-ambiente\/\" \/>\n<meta property=\"og:locale\" content=\"pt_BR\" \/>\n<meta property=\"og:type\" content=\"article\" \/>\n<meta property=\"og:title\" content=\"Como a reciclagem de sucatas contribui com a preserva\u00e7\u00e3o do meio-ambiente? - Uni\u00e3o Sucatas\" \/>\n<meta property=\"og:description\" content=\"O reaproveitamento de materiais \u00e9 importante por diversos motivos, e no caso da reciclagem de sucatas n\u00e3o poderia de ser diferente. Afinal, isso n\u00e3o somente movimenta diversas camadas econ\u00f4micas e sociais, como tamb\u00e9m diminui os impactos causados no meio-ambiente.\u00a0 Visando desenvolver esse tema, separamos, a seguir, alguns pontos relacionados a esse processo e, no fim &hellip;\" \/>\n<meta property=\"og:url\" content=\"http:\/\/uniaorecicla.com.br\/blog\/como-a-reciclagem-de-sucatas-contribui-com-a-preservacao-do-meio-ambiente\/\" \/>\n<meta property=\"og:site_name\" content=\"Uni\u00e3o Sucatas\" \/>\n<meta property=\"article:published_time\" content=\"2023-04-25T18:10:24+00:00\" \/>\n<meta property=\"article:modified_time\" content=\"2023-05-09T19:14:26+00:00\" \/>\n<meta property=\"og:image\" content=\"http:\/\/uniaorecicla.com.br\/blog\/wp-content\/uploads\/2022\/08\/Design-sem-nome2.jpg\" \/>\n\t<meta property=\"og:image:width\" content=\"515\" \/>\n\t<meta property=\"og:image:height\" content=\"367\" \/>\n\t<meta property=\"og:image:type\" content=\"image\/jpeg\" \/>\n<meta name=\"author\" content=\"admin\" \/>\n<meta name=\"twitter:card\" content=\"summary_large_image\" \/>\n<meta name=\"twitter:label1\" content=\"Escrito por\" \/>\n\t<meta name=\"twitter:data1\" content=\"admin\" \/>\n\t<meta name=\"twitter:label2\" content=\"Est. tempo de leitura\" \/>\n\t<meta name=\"twitter:data2\" content=\"3 minutos\" \/>\n<script type=\"application\/ld+json\" class=\"yoast-schema-graph\">{\"@context\":\"https:\/\/schema.org\",\"@graph\":[{\"@type\":\"Article\",\"@id\":\"http:\/\/uniaorecicla.com.br\/blog\/como-a-reciclagem-de-sucatas-contribui-com-a-preservacao-do-meio-ambiente\/#article\",\"isPartOf\":{\"@id\":\"http:\/\/uniaorecicla.com.br\/blog\/como-a-reciclagem-de-sucatas-contribui-com-a-preservacao-do-meio-ambiente\/\"},\"author\":{\"name\":\"admin\",\"@id\":\"https:\/\/uniaorecicla.com.br\/blog\/#\/schema\/person\/65ec0276287d3396b946df51a3d8fae7\"},\"headline\":\"Como a reciclagem de sucatas contribui com a preserva\u00e7\u00e3o do meio-ambiente?\",\"datePublished\":\"2023-04-25T18:10:24+00:00\",\"dateModified\":\"2023-05-09T19:14:26+00:00\",\"mainEntityOfPage\":{\"@id\":\"http:\/\/uniaorecicla.com.br\/blog\/como-a-reciclagem-de-sucatas-contribui-com-a-preservacao-do-meio-ambiente\/\"},\"wordCount\":572,\"commentCount\":0,\"publisher\":{\"@id\":\"https:\/\/uniaorecicla.com.br\/blog\/#organization\"},\"keywords\":[\"Como a reciclagem de sucatas contribui com a preserva\u00e7\u00e3o do meio-ambiente?\",\"Qual a melhor empresa para se investir na reciclagem de sucatas?\",\"reciclagem de sucatas\",\"Uni\u00e3o Sucatas\"],\"articleSection\":[\"Reciclagem de sucata\"],\"inLanguage\":\"pt-BR\",\"potentialAction\":[{\"@type\":\"CommentAction\",\"name\":\"Comment\",\"target\":[\"http:\/\/uniaorecicla.com.br\/blog\/como-a-reciclagem-de-sucatas-contribui-com-a-preservacao-do-meio-ambiente\/#respond\"]}]},{\"@type\":\"WebPage\",\"@id\":\"http:\/\/uniaorecicla.com.br\/blog\/como-a-reciclagem-de-sucatas-contribui-com-a-preservacao-do-meio-ambiente\/\",\"url\":\"http:\/\/uniaorecicla.com.br\/blog\/como-a-reciclagem-de-sucatas-contribui-com-a-preservacao-do-meio-ambiente\/\",\"name\":\"Como a reciclagem de sucatas contribui com a preserva\u00e7\u00e3o do meio-ambiente? - Uni\u00e3o Sucatas\",\"isPartOf\":{\"@id\":\"https:\/\/uniaorecicla.com.br\/blog\/#website\"},\"datePublished\":\"2023-04-25T18:10:24+00:00\",\"dateModified\":\"2023-05-09T19:14:26+00:00\",\"breadcrumb\":{\"@id\":\"http:\/\/uniaorecicla.com.br\/blog\/como-a-reciclagem-de-sucatas-contribui-com-a-preservacao-do-meio-ambiente\/#breadcrumb\"},\"inLanguage\":\"pt-BR\",\"potentialAction\":[{\"@type\":\"ReadAction\",\"target\":[\"http:\/\/uniaorecicla.com.br\/blog\/como-a-reciclagem-de-sucatas-contribui-com-a-preservacao-do-meio-ambiente\/\"]}]},{\"@type\":\"BreadcrumbList\",\"@id\":\"http:\/\/uniaorecicla.com.br\/blog\/como-a-reciclagem-de-sucatas-contribui-com-a-preservacao-do-meio-ambiente\/#breadcrumb\",\"itemListElement\":[{\"@type\":\"ListItem\",\"position\":1,\"name\":\"In\u00edcio\",\"item\":\"https:\/\/uniaorecicla.com.br\/blog\/\"},{\"@type\":\"ListItem\",\"position\":2,\"name\":\"Como a reciclagem de sucatas contribui com a preserva\u00e7\u00e3o do meio-ambiente?\"}]},{\"@type\":\"WebSite\",\"@id\":\"https:\/\/uniaorecicla.com.br\/blog\/#website\",\"url\":\"https:\/\/uniaorecicla.com.br\/blog\/\",\"name\":\"Uni\u00e3o Sucatas\",\"description\":\"Blog\",\"publisher\":{\"@id\":\"https:\/\/uniaorecicla.com.br\/blog\/#organization\"},\"potentialAction\":[{\"@type\":\"SearchAction\",\"target\":{\"@type\":\"EntryPoint\",\"urlTemplate\":\"https:\/\/uniaorecicla.com.br\/blog\/?s={search_term_string}\"},\"query-input\":\"required name=search_term_string\"}],\"inLanguage\":\"pt-BR\"},{\"@type\":\"Organization\",\"@id\":\"https:\/\/uniaorecicla.com.br\/blog\/#organization\",\"name\":\"Uni\u00e3o Sucatas\",\"url\":\"https:\/\/uniaorecicla.com.br\/blog\/\",\"logo\":{\"@type\":\"ImageObject\",\"inLanguage\":\"pt-BR\",\"@id\":\"https:\/\/uniaorecicla.com.br\/blog\/#\/schema\/logo\/image\/\",\"url\":\"http:\/\/uniaorecicla.com.br\/blog\/wp-content\/uploads\/2023\/04\/uniao-logo-e1681828685399-1.png\",\"contentUrl\":\"http:\/\/uniaorecicla.com.br\/blog\/wp-content\/uploads\/2023\/04\/uniao-logo-e1681828685399-1.png\",\"width\":153,\"height\":102,\"caption\":\"Uni\u00e3o Sucatas\"},\"image\":{\"@id\":\"https:\/\/uniaorecicla.com.br\/blog\/#\/schema\/logo\/image\/\"}},{\"@type\":\"Person\",\"@id\":\"https:\/\/uniaorecicla.com.br\/blog\/#\/schema\/person\/65ec0276287d3396b946df51a3d8fae7\",\"name\":\"admin\",\"image\":{\"@type\":\"ImageObject\",\"inLanguage\":\"pt-BR\",\"@id\":\"https:\/\/uniaorecicla.com.br\/blog\/#\/schema\/person\/image\/\",\"url\":\"https:\/\/secure.gravatar.com\/avatar\/e93b0e09c568d39fb51bb3bc837bb35875be86f2ef231a93496eb0b414707787?s=96&d=mm&r=g\",\"contentUrl\":\"https:\/\/secure.gravatar.com\/avatar\/e93b0e09c568d39fb51bb3bc837bb35875be86f2ef231a93496eb0b414707787?s=96&d=mm&r=g\",\"caption\":\"admin\"},\"sameAs\":[\"https:\/\/uniaosucatas.com.br\/blog\"],\"url\":\"http:\/\/uniaorecicla.com.br\/blog\/author\/admin\/\"}]}<\/script>\n<!-- \/ Yoast SEO plugin. -->","yoast_head_json":{"title":"Como a reciclagem de sucatas contribui com a preserva\u00e7\u00e3o do meio-ambiente? - Uni\u00e3o Sucatas","robots":{"index":"index","follow":"follow","max-snippet":"max-snippet:-1","max-image-preview":"max-image-preview:large","max-video-preview":"max-video-preview:-1"},"canonical":"http:\/\/uniaorecicla.com.br\/blog\/como-a-reciclagem-de-sucatas-contribui-com-a-preservacao-do-meio-ambiente\/","og_locale":"pt_BR","og_type":"article","og_title":"Como a reciclagem de sucatas contribui com a preserva\u00e7\u00e3o do meio-ambiente? - Uni\u00e3o Sucatas","og_description":"O reaproveitamento de materiais \u00e9 importante por diversos motivos, e no caso da reciclagem de sucatas n\u00e3o poderia de ser diferente. Afinal, isso n\u00e3o somente movimenta diversas camadas econ\u00f4micas e sociais, como tamb\u00e9m diminui os impactos causados no meio-ambiente.\u00a0 Visando desenvolver esse tema, separamos, a seguir, alguns pontos relacionados a esse processo e, no fim &hellip;","og_url":"http:\/\/uniaorecicla.com.br\/blog\/como-a-reciclagem-de-sucatas-contribui-com-a-preservacao-do-meio-ambiente\/","og_site_name":"Uni\u00e3o Sucatas","article_published_time":"2023-04-25T18:10:24+00:00","article_modified_time":"2023-05-09T19:14:26+00:00","og_image":[{"width":515,"height":367,"url":"http:\/\/uniaorecicla.com.br\/blog\/wp-content\/uploads\/2022\/08\/Design-sem-nome2.jpg","type":"image\/jpeg"}],"author":"admin","twitter_card":"summary_large_image","twitter_misc":{"Escrito por":"admin","Est. tempo de leitura":"3 minutos"},"schema":{"@context":"https:\/\/schema.org","@graph":[{"@type":"Article","@id":"http:\/\/uniaorecicla.com.br\/blog\/como-a-reciclagem-de-sucatas-contribui-com-a-preservacao-do-meio-ambiente\/#article","isPartOf":{"@id":"http:\/\/uniaorecicla.com.br\/blog\/como-a-reciclagem-de-sucatas-contribui-com-a-preservacao-do-meio-ambiente\/"},"author":{"name":"admin","@id":"https:\/\/uniaorecicla.com.br\/blog\/#\/schema\/person\/65ec0276287d3396b946df51a3d8fae7"},"headline":"Como a reciclagem de sucatas contribui com a preserva\u00e7\u00e3o do meio-ambiente?","datePublished":"2023-04-25T18:10:24+00:00","dateModified":"2023-05-09T19:14:26+00:00","mainEntityOfPage":{"@id":"http:\/\/uniaorecicla.com.br\/blog\/como-a-reciclagem-de-sucatas-contribui-com-a-preservacao-do-meio-ambiente\/"},"wordCount":572,"commentCount":0,"publisher":{"@id":"https:\/\/uniaorecicla.com.br\/blog\/#organization"},"keywords":["Como a reciclagem de sucatas contribui com a preserva\u00e7\u00e3o do meio-ambiente?","Qual a melhor empresa para se investir na reciclagem de sucatas?","reciclagem de sucatas","Uni\u00e3o Sucatas"],"articleSection":["Reciclagem de sucata"],"inLanguage":"pt-BR","potentialAction":[{"@type":"CommentAction","name":"Comment","target":["http:\/\/uniaorecicla.com.br\/blog\/como-a-reciclagem-de-sucatas-contribui-com-a-preservacao-do-meio-ambiente\/#respond"]}]},{"@type":"WebPage","@id":"http:\/\/uniaorecicla.com.br\/blog\/como-a-reciclagem-de-sucatas-contribui-com-a-preservacao-do-meio-ambiente\/","url":"http:\/\/uniaorecicla.com.br\/blog\/como-a-reciclagem-de-sucatas-contribui-com-a-preservacao-do-meio-ambiente\/","name":"Como a reciclagem de sucatas contribui com a preserva\u00e7\u00e3o do meio-ambiente? - Uni\u00e3o Sucatas","isPartOf":{"@id":"https:\/\/uniaorecicla.com.br\/blog\/#website"},"datePublished":"2023-04-25T18:10:24+00:00","dateModified":"2023-05-09T19:14:26+00:00","breadcrumb":{"@id":"http:\/\/uniaorecicla.com.br\/blog\/como-a-reciclagem-de-sucatas-contribui-com-a-preservacao-do-meio-ambiente\/#breadcrumb"},"inLanguage":"pt-BR","potentialAction":[{"@type":"ReadAction","target":["http:\/\/uniaorecicla.com.br\/blog\/como-a-reciclagem-de-sucatas-contribui-com-a-preservacao-do-meio-ambiente\/"]}]},{"@type":"BreadcrumbList","@id":"http:\/\/uniaorecicla.com.br\/blog\/como-a-reciclagem-de-sucatas-contribui-com-a-preservacao-do-meio-ambiente\/#breadcrumb","itemListElement":[{"@type":"ListItem","position":1,"name":"In\u00edcio","item":"https:\/\/uniaorecicla.com.br\/blog\/"},{"@type":"ListItem","position":2,"name":"Como a reciclagem de sucatas contribui com a preserva\u00e7\u00e3o do meio-ambiente?"}]},{"@type":"WebSite","@id":"https:\/\/uniaorecicla.com.br\/blog\/#website","url":"https:\/\/uniaorecicla.com.br\/blog\/","name":"Uni\u00e3o Sucatas","description":"Blog","publisher":{"@id":"https:\/\/uniaorecicla.com.br\/blog\/#organization"},"potentialAction":[{"@type":"SearchAction","target":{"@type":"EntryPoint","urlTemplate":"https:\/\/uniaorecicla.com.br\/blog\/?s={search_term_string}"},"query-input":"required name=search_term_string"}],"inLanguage":"pt-BR"},{"@type":"Organization","@id":"https:\/\/uniaorecicla.com.br\/blog\/#organization","name":"Uni\u00e3o Sucatas","url":"https:\/\/uniaorecicla.com.br\/blog\/","logo":{"@type":"ImageObject","inLanguage":"pt-BR","@id":"https:\/\/uniaorecicla.com.br\/blog\/#\/schema\/logo\/image\/","url":"http:\/\/uniaorecicla.com.br\/blog\/wp-content\/uploads\/2023\/04\/uniao-logo-e1681828685399-1.png","contentUrl":"http:\/\/uniaorecicla.com.br\/blog\/wp-content\/uploads\/2023\/04\/uniao-logo-e1681828685399-1.png","width":153,"height":102,"caption":"Uni\u00e3o Sucatas"},"image":{"@id":"https:\/\/uniaorecicla.com.br\/blog\/#\/schema\/logo\/image\/"}},{"@type":"Person","@id":"https:\/\/uniaorecicla.com.br\/blog\/#\/schema\/person\/65ec0276287d3396b946df51a3d8fae7","name":"admin","image":{"@type":"ImageObject","inLanguage":"pt-BR","@id":"https:\/\/uniaorecicla.com.br\/blog\/#\/schema\/person\/image\/","url":"https:\/\/secure.gravatar.com\/avatar\/e93b0e09c568d39fb51bb3bc837bb35875be86f2ef231a93496eb0b414707787?s=96&d=mm&r=g","contentUrl":"https:\/\/secure.gravatar.com\/avatar\/e93b0e09c568d39fb51bb3bc837bb35875be86f2ef231a93496eb0b414707787?s=96&d=mm&r=g","caption":"admin"},"sameAs":["https:\/\/uniaosucatas.com.br\/blog"],"url":"http:\/\/uniaorecicla.com.br\/blog\/author\/admin\/"}]}},"_links":{"self":[{"href":"http:\/\/uniaorecicla.com.br\/blog\/wp-json\/wp\/v2\/posts\/35","targetHints":{"allow":["GET"]}}],"collection":[{"href":"http:\/\/uniaorecicla.com.br\/blog\/wp-json\/wp\/v2\/posts"}],"about":[{"href":"http:\/\/uniaorecicla.com.br\/blog\/wp-json\/wp\/v2\/types\/post"}],"author":[{"embeddable":true,"href":"http:\/\/uniaorecicla.com.br\/blog\/wp-json\/wp\/v2\/users\/1"}],"replies":[{"embeddable":true,"href":"http:\/\/uniaorecicla.com.br\/blog\/wp-json\/wp\/v2\/comments?post=35"}],"version-history":[{"count":1,"href":"http:\/\/uniaorecicla.com.br\/blog\/wp-json\/wp\/v2\/posts\/35\/revisions"}],"predecessor-version":[{"id":39,"href":"http:\/\/uniaorecicla.com.br\/blog\/wp-json\/wp\/v2\/posts\/35\/revisions\/39"}],"wp:featuredmedia":[{"embeddable":true,"href":"http:\/\/uniaorecicla.com.br\/blog\/wp-json\/wp\/v2\/media\/36"}],"wp:attachment":[{"href":"http:\/\/uniaorecicla.com.br\/blog\/wp-json\/wp\/v2\/media?parent=35"}],"wp:term":[{"taxonomy":"category","embeddable":true,"href":"http:\/\/uniaorecicla.com.br\/blog\/wp-json\/wp\/v2\/categories?post=35"},{"taxonomy":"post_tag","embeddable":true,"href":"http:\/\/uniaorecicla.com.br\/blog\/wp-json\/wp\/v2\/tags?post=35"}],"curies":[{"name":"wp","href":"https:\/\/api.w.org\/{rel}","templated":true}]}}